{"id":6003,"date":"2022-12-07T01:45:00","date_gmt":"2022-12-07T06:45:00","guid":{"rendered":"https:\/\/collectif.lesartsmartial.com\/?p=6003"},"modified":"2025-08-12T00:16:55","modified_gmt":"2025-08-12T04:16:55","slug":"open-letter-to-dr-mauril-gaudreault-president-and-the-board-of-directors-of-the-college-des-medecins-du-quebec","status":"publish","type":"post","link":"https:\/\/collectifmedecins.org\/en\/open-letter-to-dr-mauril-gaudreault-president-and-the-board-of-directors-of-the-college-des-medecins-du-quebec\/","title":{"rendered":"Open letter to Dr. Mauril Gaudreault, President and the Board of Directors of the Coll\u00e8ge des M\u00e9decins du Qu\u00e9bec"},"content":{"rendered":"\n<h3 class=\"has-vivid-red-color has-text-color wp-block-heading\">An initiative of Dr. Catherine Ferrier, with the support of several colleagues, sent to the College on November 28<\/h3>\n\n\n\n<div data-wp-interactive=\"core\/file\" class=\"wp-block-file\"><object data-wp-bind--hidden=\"!state.hasPdfPreview\" hidden class=\"wp-block-file__embed\" data=\"https:\/\/collectifmedecins.org\/wp-content\/uploads\/2022\/12\/open-letter-to-CMQ.v.4-full-with-signatureswithFP.pdf\" type=\"application\/pdf\" style=\"width:100%;height:600px\" aria-label=\"Embed of open-letter-to-CMQ.v.4-full-with-signatureswithFP.\"><\/object><a id=\"wp-block-file--media-24a2956f-7d2c-46c1-9cd1-5a0ee9dcf66e\" href=\"https:\/\/collectifmedecins.org\/wp-content\/uploads\/2022\/12\/open-letter-to-CMQ.v.4-full-with-signatureswithFP.pdf\">open-letter-to-CMQ.v.4-full-with-signatureswithFP<\/a><a href=\"https:\/\/collectifmedecins.org\/wp-content\/uploads\/2022\/12\/open-letter-to-CMQ.v.4-full-with-signatureswithFP.pdf\" class=\"wp-block-file__button wp-element-button\" download aria-describedby=\"wp-block-file--media-24a2956f-7d2c-46c1-9cd1-5a0ee9dcf66e\">Download<\/a><\/div>\n\n\n\n<div class=\"wp-block-file\"><a href=\"https:\/\/collectifmedecins.org\/wp-content\/uploads\/2022\/12\/open-letter-to-CMQ.v.4-full-with-signatures.docx\" class=\"wp-block-file__button wp-element-button\" download>Download<\/a><\/div>\n","protected":false},"excerpt":{"rendered":"<p>An initiative of Dr. Catherine Ferrier, with the support of several colleagues, sent to the College on November 28<\/p>\n","protected":false},"author":3,"featured_media":0,"comment_status":"closed","ping_status":"closed","sticky":true,"template":"","format":"standard","meta":{"_oasis_is_in_workflow":0,"_oasis_original":0,"footnotes":""},"categories":[211,87,217,234,227],"tags":[],"class_list":["post-6003","post","type-post","status-publish","format-standard","hentry","category-alliance-communication","category-blogue","category-communications-du-collectif","category-lettres-ouvertes","category-open-letters"],"yoast_head":"<!-- This site is optimized with the Yoast SEO plugin v27.4 - https:\/\/yoast.com\/product\/yoast-seo-wordpress\/ -->\n<title>Open letter to Dr. Mauril Gaudreault, President and the Board of Directors of the Coll\u00e8ge des M\u00e9decins du Qu\u00e9bec - Physicians\u2019 Alliance against Euthanasia<\/title>\n<meta name=\"robots\" content=\"index, follow, max-snippet:-1, max-image-preview:large, max-video-preview:-1\" \/>\n<link rel=\"canonical\" href=\"https:\/\/collectifmedecins.org\/en\/open-letter-to-dr-mauril-gaudreault-president-and-the-board-of-directors-of-the-college-des-medecins-du-quebec\/\" \/>\n<meta property=\"og:locale\" content=\"en_US\" \/>\n<meta property=\"og:type\" content=\"article\" \/>\n<meta property=\"og:title\" content=\"Open letter to Dr. Mauril Gaudreault, President and the Board of Directors of the Coll\u00e8ge des M\u00e9decins du Qu\u00e9bec - Physicians\u2019 Alliance against Euthanasia\" \/>\n<meta property=\"og:description\" content=\"An initiative of Dr. Catherine Ferrier, with the support of several colleagues, sent to the College on November 28\" \/>\n<meta property=\"og:url\" content=\"https:\/\/collectifmedecins.org\/en\/open-letter-to-dr-mauril-gaudreault-president-and-the-board-of-directors-of-the-college-des-medecins-du-quebec\/\" \/>\n<meta property=\"og:site_name\" content=\"Physicians\u2019 Alliance against Euthanasia\" \/>\n<meta property=\"article:publisher\" content=\"https:\/\/www.facebook.com\/collectifmed\" \/>\n<meta property=\"article:published_time\" content=\"2022-12-07T06:45:00+00:00\" \/>\n<meta property=\"article:modified_time\" content=\"2025-08-12T04:16:55+00:00\" \/>\n<meta property=\"og:image\" content=\"https:\/\/collectifmedecins.org\/sites\/collectifmedecins.org\/wp-content\/uploads\/2024\/10\/Collectif_logo_FR.jpg\" \/>\n\t<meta property=\"og:image:width\" content=\"483\" \/>\n\t<meta property=\"og:image:height\" content=\"144\" \/>\n\t<meta property=\"og:image:type\" content=\"image\/jpeg\" \/>\n<meta name=\"author\" content=\"Webmaster\" \/>\n<meta name=\"twitter:card\" content=\"summary_large_image\" \/>\n<meta name=\"twitter:creator\" content=\"@collectifmed\" \/>\n<meta name=\"twitter:site\" content=\"@collectifmed\" \/>\n<meta name=\"twitter:label1\" content=\"Written by\" \/>\n\t<meta name=\"twitter:data1\" content=\"Webmaster\" \/>\n<script type=\"application\/ld+json\" class=\"yoast-schema-graph\">{\"@context\":\"https:\\\/\\\/schema.org\",\"@graph\":[{\"@type\":\"Article\",\"@id\":\"https:\\\/\\\/collectifmedecins.org\\\/en\\\/open-letter-to-dr-mauril-gaudreault-president-and-the-board-of-directors-of-the-college-des-medecins-du-quebec\\\/#article\",\"isPartOf\":{\"@id\":\"https:\\\/\\\/collectifmedecins.org\\\/en\\\/open-letter-to-dr-mauril-gaudreault-president-and-the-board-of-directors-of-the-college-des-medecins-du-quebec\\\/\"},\"author\":{\"name\":\"Webmaster\",\"@id\":\"https:\\\/\\\/collectifmedecins.org\\\/#\\\/schema\\\/person\\\/dbad0b250a195eff4c27730fd94cf1ee\"},\"headline\":\"Open letter to Dr. Mauril Gaudreault, President and the Board of Directors of the Coll\u00e8ge des M\u00e9decins du Qu\u00e9bec\",\"datePublished\":\"2022-12-07T06:45:00+00:00\",\"dateModified\":\"2025-08-12T04:16:55+00:00\",\"mainEntityOfPage\":{\"@id\":\"https:\\\/\\\/collectifmedecins.org\\\/en\\\/open-letter-to-dr-mauril-gaudreault-president-and-the-board-of-directors-of-the-college-des-medecins-du-quebec\\\/\"},\"wordCount\":45,\"publisher\":{\"@id\":\"https:\\\/\\\/collectifmedecins.org\\\/#organization\"},\"articleSection\":[\"Alliance communication\",\"Blogue\",\"Communications du Collectif\",\"Lettres ouvertes\",\"Open letters\"],\"inLanguage\":\"en-CA\"},{\"@type\":\"WebPage\",\"@id\":\"https:\\\/\\\/collectifmedecins.org\\\/en\\\/open-letter-to-dr-mauril-gaudreault-president-and-the-board-of-directors-of-the-college-des-medecins-du-quebec\\\/\",\"url\":\"https:\\\/\\\/collectifmedecins.org\\\/en\\\/open-letter-to-dr-mauril-gaudreault-president-and-the-board-of-directors-of-the-college-des-medecins-du-quebec\\\/\",\"name\":\"Open letter to Dr. Mauril Gaudreault, President and the Board of Directors of the Coll\u00e8ge des M\u00e9decins du Qu\u00e9bec - Physicians\u2019 Alliance against Euthanasia\",\"isPartOf\":{\"@id\":\"https:\\\/\\\/collectifmedecins.org\\\/#website\"},\"datePublished\":\"2022-12-07T06:45:00+00:00\",\"dateModified\":\"2025-08-12T04:16:55+00:00\",\"breadcrumb\":{\"@id\":\"https:\\\/\\\/collectifmedecins.org\\\/en\\\/open-letter-to-dr-mauril-gaudreault-president-and-the-board-of-directors-of-the-college-des-medecins-du-quebec\\\/#breadcrumb\"},\"inLanguage\":\"en-CA\",\"potentialAction\":[{\"@type\":\"ReadAction\",\"target\":[\"https:\\\/\\\/collectifmedecins.org\\\/en\\\/open-letter-to-dr-mauril-gaudreault-president-and-the-board-of-directors-of-the-college-des-medecins-du-quebec\\\/\"]}]},{\"@type\":\"BreadcrumbList\",\"@id\":\"https:\\\/\\\/collectifmedecins.org\\\/en\\\/open-letter-to-dr-mauril-gaudreault-president-and-the-board-of-directors-of-the-college-des-medecins-du-quebec\\\/#breadcrumb\",\"itemListElement\":[{\"@type\":\"ListItem\",\"position\":1,\"name\":\"Home\",\"item\":\"https:\\\/\\\/collectifmedecins.org\\\/en\\\/\"},{\"@type\":\"ListItem\",\"position\":2,\"name\":\"Open letter to Dr. Mauril Gaudreault, President and the Board of Directors of the Coll\u00e8ge des M\u00e9decins du Qu\u00e9bec\"}]},{\"@type\":\"WebSite\",\"@id\":\"https:\\\/\\\/collectifmedecins.org\\\/#website\",\"url\":\"https:\\\/\\\/collectifmedecins.org\\\/\",\"name\":\"Physicians\u2019 Alliance against Euthanasia\",\"description\":\"\",\"publisher\":{\"@id\":\"https:\\\/\\\/collectifmedecins.org\\\/#organization\"},\"potentialAction\":[{\"@type\":\"SearchAction\",\"target\":{\"@type\":\"EntryPoint\",\"urlTemplate\":\"https:\\\/\\\/collectifmedecins.org\\\/?s={search_term_string}\"},\"query-input\":{\"@type\":\"PropertyValueSpecification\",\"valueRequired\":true,\"valueName\":\"search_term_string\"}}],\"inLanguage\":\"en-CA\"},{\"@type\":\"Organization\",\"@id\":\"https:\\\/\\\/collectifmedecins.org\\\/#organization\",\"name\":\"Collectif des medecins contre l euthanasie\",\"url\":\"https:\\\/\\\/collectifmedecins.org\\\/\",\"logo\":{\"@type\":\"ImageObject\",\"inLanguage\":\"en-CA\",\"@id\":\"https:\\\/\\\/collectifmedecins.org\\\/#\\\/schema\\\/logo\\\/image\\\/\",\"url\":\"https:\\\/\\\/collectifmedecins.org\\\/sites\\\/collectifmedecins.org\\\/wp-content\\\/uploads\\\/2024\\\/10\\\/Collectif_logo_FR.jpg\",\"contentUrl\":\"https:\\\/\\\/collectifmedecins.org\\\/sites\\\/collectifmedecins.org\\\/wp-content\\\/uploads\\\/2024\\\/10\\\/Collectif_logo_FR.jpg\",\"width\":483,\"height\":144,\"caption\":\"Collectif des medecins contre l euthanasie\"},\"image\":{\"@id\":\"https:\\\/\\\/collectifmedecins.org\\\/#\\\/schema\\\/logo\\\/image\\\/\"},\"sameAs\":[\"https:\\\/\\\/www.facebook.com\\\/collectifmed\",\"https:\\\/\\\/x.com\\\/collectifmed\"]},{\"@type\":\"Person\",\"@id\":\"https:\\\/\\\/collectifmedecins.org\\\/#\\\/schema\\\/person\\\/dbad0b250a195eff4c27730fd94cf1ee\",\"name\":\"Webmaster\",\"image\":{\"@type\":\"ImageObject\",\"inLanguage\":\"en-CA\",\"@id\":\"https:\\\/\\\/secure.gravatar.com\\\/avatar\\\/7f4b3bd7821b66969fc12b0c3497515b460b66f1cedfdc6a42f6f3c80ca2abcd?s=96&d=mm&r=g\",\"url\":\"https:\\\/\\\/secure.gravatar.com\\\/avatar\\\/7f4b3bd7821b66969fc12b0c3497515b460b66f1cedfdc6a42f6f3c80ca2abcd?s=96&d=mm&r=g\",\"contentUrl\":\"https:\\\/\\\/secure.gravatar.com\\\/avatar\\\/7f4b3bd7821b66969fc12b0c3497515b460b66f1cedfdc6a42f6f3c80ca2abcd?s=96&d=mm&r=g\",\"caption\":\"Webmaster\"},\"url\":\"https:\\\/\\\/collectifmedecins.org\\\/en\\\/author\\\/webmaster\\\/\"}]}<\/script>\n<!-- \/ Yoast SEO plugin. -->","yoast_head_json":{"title":"Open letter to Dr. Mauril Gaudreault, President and the Board of Directors of the Coll\u00e8ge des M\u00e9decins du Qu\u00e9bec - Physicians\u2019 Alliance against Euthanasia","robots":{"index":"index","follow":"follow","max-snippet":"max-snippet:-1","max-image-preview":"max-image-preview:large","max-video-preview":"max-video-preview:-1"},"canonical":"https:\/\/collectifmedecins.org\/en\/open-letter-to-dr-mauril-gaudreault-president-and-the-board-of-directors-of-the-college-des-medecins-du-quebec\/","og_locale":"en_US","og_type":"article","og_title":"Open letter to Dr. Mauril Gaudreault, President and the Board of Directors of the Coll\u00e8ge des M\u00e9decins du Qu\u00e9bec - Physicians\u2019 Alliance against Euthanasia","og_description":"An initiative of Dr. Catherine Ferrier, with the support of several colleagues, sent to the College on November 28","og_url":"https:\/\/collectifmedecins.org\/en\/open-letter-to-dr-mauril-gaudreault-president-and-the-board-of-directors-of-the-college-des-medecins-du-quebec\/","og_site_name":"Physicians\u2019 Alliance against Euthanasia","article_publisher":"https:\/\/www.facebook.com\/collectifmed","article_published_time":"2022-12-07T06:45:00+00:00","article_modified_time":"2025-08-12T04:16:55+00:00","og_image":[{"width":483,"height":144,"url":"https:\/\/collectifmedecins.org\/sites\/collectifmedecins.org\/wp-content\/uploads\/2024\/10\/Collectif_logo_FR.jpg","type":"image\/jpeg"}],"author":"Webmaster","twitter_card":"summary_large_image","twitter_creator":"@collectifmed","twitter_site":"@collectifmed","twitter_misc":{"Written by":"Webmaster"},"schema":{"@context":"https:\/\/schema.org","@graph":[{"@type":"Article","@id":"https:\/\/collectifmedecins.org\/en\/open-letter-to-dr-mauril-gaudreault-president-and-the-board-of-directors-of-the-college-des-medecins-du-quebec\/#article","isPartOf":{"@id":"https:\/\/collectifmedecins.org\/en\/open-letter-to-dr-mauril-gaudreault-president-and-the-board-of-directors-of-the-college-des-medecins-du-quebec\/"},"author":{"name":"Webmaster","@id":"https:\/\/collectifmedecins.org\/#\/schema\/person\/dbad0b250a195eff4c27730fd94cf1ee"},"headline":"Open letter to Dr. Mauril Gaudreault, President and the Board of Directors of the Coll\u00e8ge des M\u00e9decins du Qu\u00e9bec","datePublished":"2022-12-07T06:45:00+00:00","dateModified":"2025-08-12T04:16:55+00:00","mainEntityOfPage":{"@id":"https:\/\/collectifmedecins.org\/en\/open-letter-to-dr-mauril-gaudreault-president-and-the-board-of-directors-of-the-college-des-medecins-du-quebec\/"},"wordCount":45,"publisher":{"@id":"https:\/\/collectifmedecins.org\/#organization"},"articleSection":["Alliance communication","Blogue","Communications du Collectif","Lettres ouvertes","Open letters"],"inLanguage":"en-CA"},{"@type":"WebPage","@id":"https:\/\/collectifmedecins.org\/en\/open-letter-to-dr-mauril-gaudreault-president-and-the-board-of-directors-of-the-college-des-medecins-du-quebec\/","url":"https:\/\/collectifmedecins.org\/en\/open-letter-to-dr-mauril-gaudreault-president-and-the-board-of-directors-of-the-college-des-medecins-du-quebec\/","name":"Open letter to Dr. Mauril Gaudreault, President and the Board of Directors of the Coll\u00e8ge des M\u00e9decins du Qu\u00e9bec - Physicians\u2019 Alliance against Euthanasia","isPartOf":{"@id":"https:\/\/collectifmedecins.org\/#website"},"datePublished":"2022-12-07T06:45:00+00:00","dateModified":"2025-08-12T04:16:55+00:00","breadcrumb":{"@id":"https:\/\/collectifmedecins.org\/en\/open-letter-to-dr-mauril-gaudreault-president-and-the-board-of-directors-of-the-college-des-medecins-du-quebec\/#breadcrumb"},"inLanguage":"en-CA","potentialAction":[{"@type":"ReadAction","target":["https:\/\/collectifmedecins.org\/en\/open-letter-to-dr-mauril-gaudreault-president-and-the-board-of-directors-of-the-college-des-medecins-du-quebec\/"]}]},{"@type":"BreadcrumbList","@id":"https:\/\/collectifmedecins.org\/en\/open-letter-to-dr-mauril-gaudreault-president-and-the-board-of-directors-of-the-college-des-medecins-du-quebec\/#breadcrumb","itemListElement":[{"@type":"ListItem","position":1,"name":"Home","item":"https:\/\/collectifmedecins.org\/en\/"},{"@type":"ListItem","position":2,"name":"Open letter to Dr. Mauril Gaudreault, President and the Board of Directors of the Coll\u00e8ge des M\u00e9decins du Qu\u00e9bec"}]},{"@type":"WebSite","@id":"https:\/\/collectifmedecins.org\/#website","url":"https:\/\/collectifmedecins.org\/","name":"Physicians\u2019 Alliance against Euthanasia","description":"","publisher":{"@id":"https:\/\/collectifmedecins.org\/#organization"},"potentialAction":[{"@type":"SearchAction","target":{"@type":"EntryPoint","urlTemplate":"https:\/\/collectifmedecins.org\/?s={search_term_string}"},"query-input":{"@type":"PropertyValueSpecification","valueRequired":true,"valueName":"search_term_string"}}],"inLanguage":"en-CA"},{"@type":"Organization","@id":"https:\/\/collectifmedecins.org\/#organization","name":"Collectif des medecins contre l euthanasie","url":"https:\/\/collectifmedecins.org\/","logo":{"@type":"ImageObject","inLanguage":"en-CA","@id":"https:\/\/collectifmedecins.org\/#\/schema\/logo\/image\/","url":"https:\/\/collectifmedecins.org\/sites\/collectifmedecins.org\/wp-content\/uploads\/2024\/10\/Collectif_logo_FR.jpg","contentUrl":"https:\/\/collectifmedecins.org\/sites\/collectifmedecins.org\/wp-content\/uploads\/2024\/10\/Collectif_logo_FR.jpg","width":483,"height":144,"caption":"Collectif des medecins contre l euthanasie"},"image":{"@id":"https:\/\/collectifmedecins.org\/#\/schema\/logo\/image\/"},"sameAs":["https:\/\/www.facebook.com\/collectifmed","https:\/\/x.com\/collectifmed"]},{"@type":"Person","@id":"https:\/\/collectifmedecins.org\/#\/schema\/person\/dbad0b250a195eff4c27730fd94cf1ee","name":"Webmaster","image":{"@type":"ImageObject","inLanguage":"en-CA","@id":"https:\/\/secure.gravatar.com\/avatar\/7f4b3bd7821b66969fc12b0c3497515b460b66f1cedfdc6a42f6f3c80ca2abcd?s=96&d=mm&r=g","url":"https:\/\/secure.gravatar.com\/avatar\/7f4b3bd7821b66969fc12b0c3497515b460b66f1cedfdc6a42f6f3c80ca2abcd?s=96&d=mm&r=g","contentUrl":"https:\/\/secure.gravatar.com\/avatar\/7f4b3bd7821b66969fc12b0c3497515b460b66f1cedfdc6a42f6f3c80ca2abcd?s=96&d=mm&r=g","caption":"Webmaster"},"url":"https:\/\/collectifmedecins.org\/en\/author\/webmaster\/"}]}},"_links":{"self":[{"href":"https:\/\/collectifmedecins.org\/en\/wp-json\/wp\/v2\/posts\/6003","targetHints":{"allow":["GET"]}}],"collection":[{"href":"https:\/\/collectifmedecins.org\/en\/wp-json\/wp\/v2\/posts"}],"about":[{"href":"https:\/\/collectifmedecins.org\/en\/wp-json\/wp\/v2\/types\/post"}],"author":[{"embeddable":true,"href":"https:\/\/collectifmedecins.org\/en\/wp-json\/wp\/v2\/users\/3"}],"replies":[{"embeddable":true,"href":"https:\/\/collectifmedecins.org\/en\/wp-json\/wp\/v2\/comments?post=6003"}],"version-history":[{"count":3,"href":"https:\/\/collectifmedecins.org\/en\/wp-json\/wp\/v2\/posts\/6003\/revisions"}],"predecessor-version":[{"id":6025,"href":"https:\/\/collectifmedecins.org\/en\/wp-json\/wp\/v2\/posts\/6003\/revisions\/6025"}],"wp:attachment":[{"href":"https:\/\/collectifmedecins.org\/en\/wp-json\/wp\/v2\/media?parent=6003"}],"wp:term":[{"taxonomy":"category","embeddable":true,"href":"https:\/\/collectifmedecins.org\/en\/wp-json\/wp\/v2\/categories?post=6003"},{"taxonomy":"post_tag","embeddable":true,"href":"https:\/\/collectifmedecins.org\/en\/wp-json\/wp\/v2\/tags?post=6003"}],"curies":[{"name":"wp","href":"https:\/\/api.w.org\/{rel}","templated":true}]}}